{"id":791,"date":"2026-01-05T21:20:37","date_gmt":"2026-01-05T19:20:37","guid":{"rendered":"https:\/\/kvklingenmuenster.de\/?p=791"},"modified":"2026-01-05T21:21:10","modified_gmt":"2026-01-05T19:21:10","slug":"22-jahre-kvk","status":"publish","type":"post","link":"https:\/\/kvklingenmuenster.de\/?p=791","title":{"rendered":"N\u00e4chster Goldene L\u00f6we beim KVK"},"content":{"rendered":"\n<p><br>Heute z\u00fcnden wir wieder mal eine Rakete \u2013 dieses mal randvoll gef\u00fcllt mit ganz viel Stolz!! &#x1f680;<br>Denn es gibt einen ganz besonderen Grund zum Feiern und Jubeln:<br>Unsere Prinzessin Bernadette hat heute ihren Goldenen L\u00f6wen erhalten! &#x1f981;<\/p>\n\n\n\n<p>Jahrelanger Einsatz, unglaubliches Engagement, Herzblut pur und ganz viel Leidenschaft f\u00fcr unseren KVK \u2013 einfach toll! Daf\u00fcr sagen wir dir von Herzen: DANKE &#x1f490;<\/p>\n\n\n\n<p>Liebe Prinzessin, wir freuen uns auf eine unvergessliche Kampagne und sind unglaublich stolz, dich in unserem Verein zu haben!&nbsp;<\/p>\n\n\n\n<p>Auf dich! &#x2665;&#xfe0f;<\/p>\n\n\n\n<figure class=\"wp-block-image size-large\"><img loading=\"lazy\" decoding=\"async\" width=\"1024\" height=\"683\" src=\"https:\/\/kvklingenmuenster.de\/wp-content\/uploads\/2026\/01\/DSC02510-1024x683.jpg\" alt=\"\" class=\"wp-image-787\" srcset=\"https:\/\/kvklingenmuenster.de\/wp-content\/uploads\/2026\/01\/DSC02510-1024x683.jpg 1024w, https:\/\/kvklingenmuenster.de\/wp-content\/uploads\/2026\/01\/DSC02510-400x267.jpg 400w, https:\/\/kvklingenmuenster.de\/wp-content\/uploads\/2026\/01\/DSC02510-2000x1333.jpg 2000w\" sizes=\"auto, (max-width: 1024px) 100vw, 1024px\" \/><\/figure>\n","protected":false},"excerpt":{"rendered":"<p>Heute z\u00fcnden wir wieder mal eine Rakete \u2013 dieses mal randvoll gef\u00fcllt mit ganz viel Stolz!! &#x1f680;Denn es gibt einen ganz besonderen Grund zum Feiern und Jubeln:Unsere Prinzessin Bernadette hat heute ihren Goldenen L\u00f6wen erhalten! &#x1f981; Jahrelanger Einsatz, unglaubliches Engagement, Herzblut pur und ganz viel Leidenschaft f\u00fcr unseren KVK \u2013 einfach toll! Daf\u00fcr sagen wir &hellip; <\/p>\n<p class=\"link-more\"><a href=\"https:\/\/kvklingenmuenster.de\/?p=791\" class=\"more-link\">Mehr <span class=\"screen-reader-text\">\u00fcber &#8222;N\u00e4chster Goldene L\u00f6we beim KVK&#8220; <\/span>Lesen<\/a><\/p>\n","protected":false},"author":8,"featured_media":0,"comment_status":"open","ping_status":"open","sticky":false,"template":"","format":"standard","meta":{"footnotes":""},"categories":[1],"tags":[],"class_list":["post-791","post","type-post","status-publish","format-standard","hentry","category-uncategorized"],"_links":{"self":[{"href":"https:\/\/kvklingenmuenster.de\/index.php?rest_route=\/wp\/v2\/posts\/791","targetHints":{"allow":["GET"]}}],"collection":[{"href":"https:\/\/kvklingenmuenster.de\/index.php?rest_route=\/wp\/v2\/posts"}],"about":[{"href":"https:\/\/kvklingenmuenster.de\/index.php?rest_route=\/wp\/v2\/types\/post"}],"author":[{"embeddable":true,"href":"https:\/\/kvklingenmuenster.de\/index.php?rest_route=\/wp\/v2\/users\/8"}],"replies":[{"embeddable":true,"href":"https:\/\/kvklingenmuenster.de\/index.php?rest_route=%2Fwp%2Fv2%2Fcomments&post=791"}],"version-history":[{"count":2,"href":"https:\/\/kvklingenmuenster.de\/index.php?rest_route=\/wp\/v2\/posts\/791\/revisions"}],"predecessor-version":[{"id":793,"href":"https:\/\/kvklingenmuenster.de\/index.php?rest_route=\/wp\/v2\/posts\/791\/revisions\/793"}],"wp:attachment":[{"href":"https:\/\/kvklingenmuenster.de\/index.php?rest_route=%2Fwp%2Fv2%2Fmedia&parent=791"}],"wp:term":[{"taxonomy":"category","embeddable":true,"href":"https:\/\/kvklingenmuenster.de\/index.php?rest_route=%2Fwp%2Fv2%2Fcategories&post=791"},{"taxonomy":"post_tag","embeddable":true,"href":"https:\/\/kvklingenmuenster.de\/index.php?rest_route=%2Fwp%2Fv2%2Ftags&post=791"}],"curies":[{"name":"wp","href":"https:\/\/api.w.org\/{rel}","templated":true}]}}