{"id":756,"date":"2025-10-07T12:05:40","date_gmt":"2025-10-07T10:05:40","guid":{"rendered":"https:\/\/kvklingenmuenster.de\/?p=756"},"modified":"2025-10-07T12:05:42","modified_gmt":"2025-10-07T10:05:42","slug":"wir-sin-widder-do-%e2%9d%a4%ef%b8%8f","status":"publish","type":"post","link":"https:\/\/kvklingenmuenster.de\/?p=756","title":{"rendered":"WIR SIN WIDDER DO! &#x2764;&#xfe0f;\u00a0"},"content":{"rendered":"\n<p>Am 15. November 2025 um 16:11 Uhr im Innenhof vum Rathaus geht\u2019s los mit de Er\u00f6ffnung der neuen Faschingskampagne! &#x1f4a5;<\/p>\n\n\n\n<p>Wie immer mit dabei: gute Laune, sch\u00e4ni Musik, en Schoppe Gl\u00fchwei, e bissl was zu schnabbele \u2013 un nat\u00fcrlich viiiel Spa\u00df un Gebabbel. &#x1f973;<br>Also, kummt vorbei, feiert mit uns de Start in die n\u00e4rrische Zeit und lasst uns gemeinsam uff e gro\u00dfartige Kampagne ansto\u00dfe! &#x1f942;<\/p>\n\n\n\n<p>Un was darf nid fehle? Genau!&nbsp;<br>Freut euch uff die feierliche Inthronisierung unseres neuen Prinzenpaares! &#x1f451;&#x1f4ab;<\/p>\n\n\n\n<figure class=\"wp-block-image\"><img loading=\"lazy\" decoding=\"async\" width=\"4419\" height=\"6250\" src=\"https:\/\/kvklingenmuenster.de\/wp-content\/uploads\/2025\/10\/PLAKAT-KVK.png\" alt=\"\" class=\"wp-image-755\" srcset=\"https:\/\/kvklingenmuenster.de\/wp-content\/uploads\/2025\/10\/PLAKAT-KVK.png 4419w, https:\/\/kvklingenmuenster.de\/wp-content\/uploads\/2025\/10\/PLAKAT-KVK-283x400.png 283w, https:\/\/kvklingenmuenster.de\/wp-content\/uploads\/2025\/10\/PLAKAT-KVK-724x1024.png 724w, https:\/\/kvklingenmuenster.de\/wp-content\/uploads\/2025\/10\/PLAKAT-KVK-2000x2829.png 2000w\" sizes=\"auto, (max-width: 4419px) 100vw, 4419px\" \/><\/figure>\n\n\n\n<p>Mir kinnen\u2019s kaum erwarte!<br>Minschder Helau! &#x2665;&#xfe0f;<\/p>\n\n\n\n<p><\/p>\n","protected":false},"excerpt":{"rendered":"<p>Am 15. November 2025 um 16:11 Uhr im Innenhof vum Rathaus geht\u2019s los mit de Er\u00f6ffnung der neuen Faschingskampagne! &#x1f4a5; Wie immer mit dabei: gute Laune, sch\u00e4ni Musik, en Schoppe Gl\u00fchwei, e bissl was zu schnabbele \u2013 un nat\u00fcrlich viiiel Spa\u00df un Gebabbel. &#x1f973;Also, kummt vorbei, feiert mit uns de Start in die n\u00e4rrische Zeit &hellip; <\/p>\n<p class=\"link-more\"><a href=\"https:\/\/kvklingenmuenster.de\/?p=756\" class=\"more-link\">Mehr <span class=\"screen-reader-text\">\u00fcber &#8222;WIR SIN WIDDER DO! &#x2764;&#xfe0f;\u00a0&#8220; <\/span>Lesen<\/a><\/p>\n","protected":false},"author":8,"featured_media":0,"comment_status":"open","ping_status":"open","sticky":false,"template":"","format":"standard","meta":{"footnotes":""},"categories":[1],"tags":[],"class_list":["post-756","post","type-post","status-publish","format-standard","hentry","category-uncategorized"],"_links":{"self":[{"href":"https:\/\/kvklingenmuenster.de\/index.php?rest_route=\/wp\/v2\/posts\/756","targetHints":{"allow":["GET"]}}],"collection":[{"href":"https:\/\/kvklingenmuenster.de\/index.php?rest_route=\/wp\/v2\/posts"}],"about":[{"href":"https:\/\/kvklingenmuenster.de\/index.php?rest_route=\/wp\/v2\/types\/post"}],"author":[{"embeddable":true,"href":"https:\/\/kvklingenmuenster.de\/index.php?rest_route=\/wp\/v2\/users\/8"}],"replies":[{"embeddable":true,"href":"https:\/\/kvklingenmuenster.de\/index.php?rest_route=%2Fwp%2Fv2%2Fcomments&post=756"}],"version-history":[{"count":1,"href":"https:\/\/kvklingenmuenster.de\/index.php?rest_route=\/wp\/v2\/posts\/756\/revisions"}],"predecessor-version":[{"id":757,"href":"https:\/\/kvklingenmuenster.de\/index.php?rest_route=\/wp\/v2\/posts\/756\/revisions\/757"}],"wp:attachment":[{"href":"https:\/\/kvklingenmuenster.de\/index.php?rest_route=%2Fwp%2Fv2%2Fmedia&parent=756"}],"wp:term":[{"taxonomy":"category","embeddable":true,"href":"https:\/\/kvklingenmuenster.de\/index.php?rest_route=%2Fwp%2Fv2%2Fcategories&post=756"},{"taxonomy":"post_tag","embeddable":true,"href":"https:\/\/kvklingenmuenster.de\/index.php?rest_route=%2Fwp%2Fv2%2Ftags&post=756"}],"curies":[{"name":"wp","href":"https:\/\/api.w.org\/{rel}","templated":true}]}}