{"id":752,"date":"2025-05-05T14:21:19","date_gmt":"2025-05-05T12:21:19","guid":{"rendered":"https:\/\/kvklingenmuenster.de\/?p=752"},"modified":"2025-05-05T14:25:38","modified_gmt":"2025-05-05T12:25:38","slug":"save-the-date-33-jahre-kvk-2","status":"publish","type":"post","link":"https:\/\/kvklingenmuenster.de\/?p=752","title":{"rendered":"Save the Date \u2013 33 Jahre KVK!"},"content":{"rendered":"\n<p id=\"block-8ccf61db-79cf-4f0e-b8c5-a9f546052e45\">Feiert mit uns unser gro\u00dfes Jubil\u00e4um am&nbsp;<strong>24. &amp; 25. Mai 2025<\/strong>! &#x1f38a;<\/p>\n\n\n\n<p id=\"block-d93947dc-e02c-4ae6-a590-e9d3d7f0d210\">&#x1f4c5;\u00a0<strong>Samstag, 24.05.25<\/strong><br>&#x1f539; Ab\u00a0<strong>15:00 Uhr<\/strong>: Start der Feier ** nur f\u00fcr geladene G\u00e4ste<br>&#x1f539; Ab\u00a0<strong>20:00 Uhr<\/strong>:\u00a0<strong>Live-Musik<\/strong>\u00a0mit\u00a0<em>Acoustic &amp; Amazing<\/em>\u00a0&#x1f3b8;&#x1f3a4;<br>&#x1f39f;\u00a0<strong>Tickets verf\u00fcgbar unter: <a href=\"https:\/\/pfalzshow.de\/product\/jubilaeumswochenende-beim-kvk-33-jahre-kvk-klingenmuenster-24-05-2025\/\">Pfalzshow.de<\/a><\/strong><\/p>\n\n\n\n<p id=\"block-8a1a8c90-f280-482d-9a41-f9178f10582b\">&#x1f4c5;&nbsp;<strong>Sonntag, 25.05.25<\/strong><br>&#x1f539; Ab&nbsp;<strong>11:00 Uhr<\/strong>: Gro\u00dfer&nbsp;<strong>Kindertag<\/strong>&nbsp;mit vielen Highlights f\u00fcr die ganze Familie! &#x1f388;<\/p>\n\n\n\n<p id=\"block-e60e4500-3b36-41d0-af26-3b1e7668cd3b\">also&nbsp;<strong>Save the Date!<\/strong>&nbsp;&#x1f5d3;&#xfe0f;&#x2728;<br><br>Vielen Dank an alle Sponsoren und Vereine f\u00fcr die gro\u00dfartige Unterst\u00fctzung!<br>SV Klingenm\u00fcnster, Feuerwehr Klingenm\u00fcnster, Sparkasse S\u00fcdpfalz u.v.m.<\/p>\n\n\n\n<p id=\"block-8aa766e2-f6ca-4126-a23f-80a3466c442a\">Euer KVK<\/p>\n\n\n\n<p id=\"block-0546c2a4-eadd-47c5-9e7d-15c083505ffc\"><\/p>\n\n\n\n<figure class=\"wp-block-image\"><img loading=\"lazy\" decoding=\"async\" width=\"1080\" height=\"1350\" src=\"https:\/\/kvklingenmuenster.de\/wp-content\/uploads\/2025\/05\/Jubilaeum-KVK-2025-Plakat-Instagram-Post-45.png\" alt=\"\" class=\"wp-image-749\" srcset=\"https:\/\/kvklingenmuenster.de\/wp-content\/uploads\/2025\/05\/Jubilaeum-KVK-2025-Plakat-Instagram-Post-45.png 1080w, https:\/\/kvklingenmuenster.de\/wp-content\/uploads\/2025\/05\/Jubilaeum-KVK-2025-Plakat-Instagram-Post-45-320x400.png 320w, https:\/\/kvklingenmuenster.de\/wp-content\/uploads\/2025\/05\/Jubilaeum-KVK-2025-Plakat-Instagram-Post-45-819x1024.png 819w\" sizes=\"auto, (max-width: 1080px) 100vw, 1080px\" \/><\/figure>\n","protected":false},"excerpt":{"rendered":"<p>Feiert mit uns unser gro\u00dfes Jubil\u00e4um am&nbsp;24. &amp; 25. Mai 2025! &#x1f38a; &#x1f4c5;\u00a0Samstag, 24.05.25&#x1f539; Ab\u00a015:00 Uhr: Start der Feier ** nur f\u00fcr geladene G\u00e4ste&#x1f539; Ab\u00a020:00 Uhr:\u00a0Live-Musik\u00a0mit\u00a0Acoustic &amp; Amazing\u00a0&#x1f3b8;&#x1f3a4;&#x1f39f;\u00a0Tickets verf\u00fcgbar unter: Pfalzshow.de &#x1f4c5;&nbsp;Sonntag, 25.05.25&#x1f539; Ab&nbsp;11:00 Uhr: Gro\u00dfer&nbsp;Kindertag&nbsp;mit vielen Highlights f\u00fcr die ganze Familie! &#x1f388; also&nbsp;Save the Date!&nbsp;&#x1f5d3;&#xfe0f;&#x2728; Vielen Dank an alle Sponsoren und Vereine f\u00fcr die &hellip; <\/p>\n<p class=\"link-more\"><a href=\"https:\/\/kvklingenmuenster.de\/?p=752\" class=\"more-link\">Mehr <span class=\"screen-reader-text\">\u00fcber &#8222;Save the Date \u2013 33 Jahre KVK!&#8220; <\/span>Lesen<\/a><\/p>\n","protected":false},"author":8,"featured_media":0,"comment_status":"open","ping_status":"open","sticky":false,"template":"","format":"standard","meta":{"footnotes":""},"categories":[1],"tags":[],"class_list":["post-752","post","type-post","status-publish","format-standard","hentry","category-uncategorized"],"_links":{"self":[{"href":"https:\/\/kvklingenmuenster.de\/index.php?rest_route=\/wp\/v2\/posts\/752","targetHints":{"allow":["GET"]}}],"collection":[{"href":"https:\/\/kvklingenmuenster.de\/index.php?rest_route=\/wp\/v2\/posts"}],"about":[{"href":"https:\/\/kvklingenmuenster.de\/index.php?rest_route=\/wp\/v2\/types\/post"}],"author":[{"embeddable":true,"href":"https:\/\/kvklingenmuenster.de\/index.php?rest_route=\/wp\/v2\/users\/8"}],"replies":[{"embeddable":true,"href":"https:\/\/kvklingenmuenster.de\/index.php?rest_route=%2Fwp%2Fv2%2Fcomments&post=752"}],"version-history":[{"count":2,"href":"https:\/\/kvklingenmuenster.de\/index.php?rest_route=\/wp\/v2\/posts\/752\/revisions"}],"predecessor-version":[{"id":754,"href":"https:\/\/kvklingenmuenster.de\/index.php?rest_route=\/wp\/v2\/posts\/752\/revisions\/754"}],"wp:attachment":[{"href":"https:\/\/kvklingenmuenster.de\/index.php?rest_route=%2Fwp%2Fv2%2Fmedia&parent=752"}],"wp:term":[{"taxonomy":"category","embeddable":true,"href":"https:\/\/kvklingenmuenster.de\/index.php?rest_route=%2Fwp%2Fv2%2Fcategories&post=752"},{"taxonomy":"post_tag","embeddable":true,"href":"https:\/\/kvklingenmuenster.de\/index.php?rest_route=%2Fwp%2Fv2%2Ftags&post=752"}],"curies":[{"name":"wp","href":"https:\/\/api.w.org\/{rel}","templated":true}]}}