{"id":687,"date":"2024-10-24T11:03:23","date_gmt":"2024-10-24T09:03:23","guid":{"rendered":"https:\/\/kvklingenmuenster.de\/?p=687"},"modified":"2024-10-24T11:03:24","modified_gmt":"2024-10-24T09:03:24","slug":"startschuss-in-die-5-jahreszeit","status":"publish","type":"post","link":"https:\/\/kvklingenmuenster.de\/?p=687","title":{"rendered":"Startschuss in die 5. Jahreszeit"},"content":{"rendered":"\n<p><\/p>\n\n\n\n<p>Wir freuen uns, euch recht herzlich zur Er\u00f6ffnung der 5. n\u00e4rrischen Jahreszeit einzuladen! Der Karnevalsverein Klingenm\u00fcnster (KVK) l\u00e4dt euch herzlich zur Intronisierung des neuen Prinzenpaares und zur offiziellen Saisoner\u00f6ffnung am 16. November 2024 &#8211; 16:11 Uhr, ein. Auch dieses Jahr findet die Veranstaltung im festlichen Ambiente des Rathaus Innenhofs statt.<br><br>Wir freuen uns auf Euer kommen!<br><br>Minschder Helau!<\/p>\n","protected":false},"excerpt":{"rendered":"<p>Wir freuen uns, euch recht herzlich zur Er\u00f6ffnung der 5. n\u00e4rrischen Jahreszeit einzuladen! Der Karnevalsverein Klingenm\u00fcnster (KVK) l\u00e4dt euch herzlich zur Intronisierung des neuen Prinzenpaares und zur offiziellen Saisoner\u00f6ffnung am 16. November 2024 &#8211; 16:11 Uhr, ein. Auch dieses Jahr findet die Veranstaltung im festlichen Ambiente des Rathaus Innenhofs statt. Wir freuen uns auf Euer &hellip; <\/p>\n<p class=\"link-more\"><a href=\"https:\/\/kvklingenmuenster.de\/?p=687\" class=\"more-link\">Mehr <span class=\"screen-reader-text\">\u00fcber &#8222;Startschuss in die 5. Jahreszeit&#8220; <\/span>Lesen<\/a><\/p>\n","protected":false},"author":8,"featured_media":0,"comment_status":"open","ping_status":"open","sticky":false,"template":"","format":"standard","meta":{"footnotes":""},"categories":[1],"tags":[],"class_list":["post-687","post","type-post","status-publish","format-standard","hentry","category-uncategorized"],"_links":{"self":[{"href":"https:\/\/kvklingenmuenster.de\/index.php?rest_route=\/wp\/v2\/posts\/687","targetHints":{"allow":["GET"]}}],"collection":[{"href":"https:\/\/kvklingenmuenster.de\/index.php?rest_route=\/wp\/v2\/posts"}],"about":[{"href":"https:\/\/kvklingenmuenster.de\/index.php?rest_route=\/wp\/v2\/types\/post"}],"author":[{"embeddable":true,"href":"https:\/\/kvklingenmuenster.de\/index.php?rest_route=\/wp\/v2\/users\/8"}],"replies":[{"embeddable":true,"href":"https:\/\/kvklingenmuenster.de\/index.php?rest_route=%2Fwp%2Fv2%2Fcomments&post=687"}],"version-history":[{"count":1,"href":"https:\/\/kvklingenmuenster.de\/index.php?rest_route=\/wp\/v2\/posts\/687\/revisions"}],"predecessor-version":[{"id":688,"href":"https:\/\/kvklingenmuenster.de\/index.php?rest_route=\/wp\/v2\/posts\/687\/revisions\/688"}],"wp:attachment":[{"href":"https:\/\/kvklingenmuenster.de\/index.php?rest_route=%2Fwp%2Fv2%2Fmedia&parent=687"}],"wp:term":[{"taxonomy":"category","embeddable":true,"href":"https:\/\/kvklingenmuenster.de\/index.php?rest_route=%2Fwp%2Fv2%2Fcategories&post=687"},{"taxonomy":"post_tag","embeddable":true,"href":"https:\/\/kvklingenmuenster.de\/index.php?rest_route=%2Fwp%2Fv2%2Ftags&post=687"}],"curies":[{"name":"wp","href":"https:\/\/api.w.org\/{rel}","templated":true}]}}