{"id":679,"date":"2024-07-09T10:32:53","date_gmt":"2024-07-09T08:32:53","guid":{"rendered":"https:\/\/kvklingenmuenster.de\/?p=679"},"modified":"2024-07-09T10:35:39","modified_gmt":"2024-07-09T08:35:39","slug":"termine-2024-2025-online","status":"publish","type":"post","link":"https:\/\/kvklingenmuenster.de\/?p=679","title":{"rendered":"Termine 2024\/2025 online"},"content":{"rendered":"\n<p>Liebe Mitglieder und Faschingsfreunde,<\/p>\n\n\n\n<p>es ist soweit \u2013 die Termine f\u00fcr unsere neue Kampagne 2024\/2025 sind nun online und f\u00fcr euch bereit! Wie gewohnt findet ihr alle Informationen in unserer Rubrik \u201eTermine 2024\/2025\u201c auf unserer Website.<\/p>\n\n\n\n<p>Die f\u00fcnfte Jahreszeit r\u00fcckt n\u00e4her, und wir k\u00f6nnen es kaum erwarten, sie gemeinsam mit euch zu feiern. Markiert euch die wichtigsten Daten schon jetzt in eurem Kalender und seid bereit f\u00fcr eine gro\u00dfartige Zeit voller Spa\u00df und Frohsinn.<br><br>Minschder &#8211; Helau!<\/p>\n\n\n","protected":false},"excerpt":{"rendered":"<p>Liebe Mitglieder und Faschingsfreunde, es ist soweit \u2013 die Termine f\u00fcr unsere neue Kampagne 2024\/2025 sind nun online und f\u00fcr euch bereit! Wie gewohnt findet ihr alle Informationen in unserer Rubrik \u201eTermine 2024\/2025\u201c auf unserer Website. Die f\u00fcnfte Jahreszeit r\u00fcckt n\u00e4her, und wir k\u00f6nnen es kaum erwarten, sie gemeinsam mit euch zu feiern. Markiert euch &hellip; <\/p>\n<p class=\"link-more\"><a href=\"https:\/\/kvklingenmuenster.de\/?p=679\" class=\"more-link\">Mehr <span class=\"screen-reader-text\">\u00fcber &#8222;Termine 2024\/2025 online&#8220; <\/span>Lesen<\/a><\/p>\n","protected":false},"author":8,"featured_media":0,"comment_status":"open","ping_status":"open","sticky":false,"template":"","format":"standard","meta":{"footnotes":""},"categories":[1],"tags":[],"class_list":["post-679","post","type-post","status-publish","format-standard","hentry","category-uncategorized"],"_links":{"self":[{"href":"https:\/\/kvklingenmuenster.de\/index.php?rest_route=\/wp\/v2\/posts\/679","targetHints":{"allow":["GET"]}}],"collection":[{"href":"https:\/\/kvklingenmuenster.de\/index.php?rest_route=\/wp\/v2\/posts"}],"about":[{"href":"https:\/\/kvklingenmuenster.de\/index.php?rest_route=\/wp\/v2\/types\/post"}],"author":[{"embeddable":true,"href":"https:\/\/kvklingenmuenster.de\/index.php?rest_route=\/wp\/v2\/users\/8"}],"replies":[{"embeddable":true,"href":"https:\/\/kvklingenmuenster.de\/index.php?rest_route=%2Fwp%2Fv2%2Fcomments&post=679"}],"version-history":[{"count":3,"href":"https:\/\/kvklingenmuenster.de\/index.php?rest_route=\/wp\/v2\/posts\/679\/revisions"}],"predecessor-version":[{"id":686,"href":"https:\/\/kvklingenmuenster.de\/index.php?rest_route=\/wp\/v2\/posts\/679\/revisions\/686"}],"wp:attachment":[{"href":"https:\/\/kvklingenmuenster.de\/index.php?rest_route=%2Fwp%2Fv2%2Fmedia&parent=679"}],"wp:term":[{"taxonomy":"category","embeddable":true,"href":"https:\/\/kvklingenmuenster.de\/index.php?rest_route=%2Fwp%2Fv2%2Fcategories&post=679"},{"taxonomy":"post_tag","embeddable":true,"href":"https:\/\/kvklingenmuenster.de\/index.php?rest_route=%2Fwp%2Fv2%2Ftags&post=679"}],"curies":[{"name":"wp","href":"https:\/\/api.w.org\/{rel}","templated":true}]}}