{"id":623,"date":"2023-10-31T08:49:38","date_gmt":"2023-10-31T06:49:38","guid":{"rendered":"https:\/\/kvklingenmuenster.de\/?p=623"},"modified":"2023-10-31T08:49:39","modified_gmt":"2023-10-31T06:49:39","slug":"eroeffnung-der-5-jahreszeit","status":"publish","type":"post","link":"https:\/\/kvklingenmuenster.de\/?p=623","title":{"rendered":"Er\u00f6ffnung der 5. Jahreszeit"},"content":{"rendered":"\n<p>Sichert euch das Datum &#8211; Karneval beim KVK ist zur\u00fcck!<\/p>\n\n\n\n<p>Liebe Freunde des n\u00e4rrischen Treibens,<\/p>\n\n\n\n<p>Wir freuen uns, euch recht herzlich zur Er\u00f6ffnung der 5. n\u00e4rrischen Jahreszeit einzuladen! Der Karnevalsverein Klingenm\u00fcnster (KVK) l\u00e4dt euch herzlich zur Intronisierung des neuen Prinzenpaares und zur offiziellen Saisoner\u00f6ffnung am 12. November 2023 &#8211; 16:11 Uhr, ein. Dieses Jahr findet die Veranstaltung im festlichen Ambiente des Rathaus Innenhofs statt.<br><br>Wir freuen uns auf Euer kommen!<br><br>Minschder Helau!<\/p>\n\n\n\n<figure class=\"wp-block-image size-large\"><img loading=\"lazy\" decoding=\"async\" width=\"576\" height=\"1024\" src=\"https:\/\/kvklingenmuenster.de\/wp-content\/uploads\/2023\/10\/KVK-1-576x1024.png\" alt=\"\" class=\"wp-image-625\" srcset=\"https:\/\/kvklingenmuenster.de\/wp-content\/uploads\/2023\/10\/KVK-1-576x1024.png 576w, https:\/\/kvklingenmuenster.de\/wp-content\/uploads\/2023\/10\/KVK-1-225x400.png 225w, https:\/\/kvklingenmuenster.de\/wp-content\/uploads\/2023\/10\/KVK-1-768x1365.png 768w, https:\/\/kvklingenmuenster.de\/wp-content\/uploads\/2023\/10\/KVK-1-864x1536.png 864w, https:\/\/kvklingenmuenster.de\/wp-content\/uploads\/2023\/10\/KVK-1.png 1080w\" sizes=\"auto, (max-width: 576px) 100vw, 576px\" \/><\/figure>\n","protected":false},"excerpt":{"rendered":"<p>Sichert euch das Datum &#8211; Karneval beim KVK ist zur\u00fcck! Liebe Freunde des n\u00e4rrischen Treibens, Wir freuen uns, euch recht herzlich zur Er\u00f6ffnung der 5. n\u00e4rrischen Jahreszeit einzuladen! Der Karnevalsverein Klingenm\u00fcnster (KVK) l\u00e4dt euch herzlich zur Intronisierung des neuen Prinzenpaares und zur offiziellen Saisoner\u00f6ffnung am 12. November 2023 &#8211; 16:11 Uhr, ein. Dieses Jahr findet &hellip; <\/p>\n<p class=\"link-more\"><a href=\"https:\/\/kvklingenmuenster.de\/?p=623\" class=\"more-link\">Mehr <span class=\"screen-reader-text\">\u00fcber &#8222;Er\u00f6ffnung der 5. Jahreszeit&#8220; <\/span>Lesen<\/a><\/p>\n","protected":false},"author":8,"featured_media":0,"comment_status":"open","ping_status":"open","sticky":false,"template":"","format":"standard","meta":{"footnotes":""},"categories":[1],"tags":[],"class_list":["post-623","post","type-post","status-publish","format-standard","hentry","category-uncategorized"],"_links":{"self":[{"href":"https:\/\/kvklingenmuenster.de\/index.php?rest_route=\/wp\/v2\/posts\/623","targetHints":{"allow":["GET"]}}],"collection":[{"href":"https:\/\/kvklingenmuenster.de\/index.php?rest_route=\/wp\/v2\/posts"}],"about":[{"href":"https:\/\/kvklingenmuenster.de\/index.php?rest_route=\/wp\/v2\/types\/post"}],"author":[{"embeddable":true,"href":"https:\/\/kvklingenmuenster.de\/index.php?rest_route=\/wp\/v2\/users\/8"}],"replies":[{"embeddable":true,"href":"https:\/\/kvklingenmuenster.de\/index.php?rest_route=%2Fwp%2Fv2%2Fcomments&post=623"}],"version-history":[{"count":2,"href":"https:\/\/kvklingenmuenster.de\/index.php?rest_route=\/wp\/v2\/posts\/623\/revisions"}],"predecessor-version":[{"id":626,"href":"https:\/\/kvklingenmuenster.de\/index.php?rest_route=\/wp\/v2\/posts\/623\/revisions\/626"}],"wp:attachment":[{"href":"https:\/\/kvklingenmuenster.de\/index.php?rest_route=%2Fwp%2Fv2%2Fmedia&parent=623"}],"wp:term":[{"taxonomy":"category","embeddable":true,"href":"https:\/\/kvklingenmuenster.de\/index.php?rest_route=%2Fwp%2Fv2%2Fcategories&post=623"},{"taxonomy":"post_tag","embeddable":true,"href":"https:\/\/kvklingenmuenster.de\/index.php?rest_route=%2Fwp%2Fv2%2Ftags&post=623"}],"curies":[{"name":"wp","href":"https:\/\/api.w.org\/{rel}","templated":true}]}}