{"id":616,"date":"2023-10-09T11:06:48","date_gmt":"2023-10-09T09:06:48","guid":{"rendered":"https:\/\/kvklingenmuenster.de\/?p=616"},"modified":"2023-10-09T11:06:50","modified_gmt":"2023-10-09T09:06:50","slug":"termine-fuer-die-neue-kampagne-online","status":"publish","type":"post","link":"https:\/\/kvklingenmuenster.de\/?p=616","title":{"rendered":"Termine f\u00fcr die neue Kampagne online"},"content":{"rendered":"\n<p>Liebe Mitglieder und Faschingsfreunde,<\/p>\n\n\n\n<p>es ist soweit &#8211; die Termine f\u00fcr unsere neue Kampagne 2023\/2024 sind nun online und f\u00fcr euch bereit! Wie gewohnt findet ihr alle Informationen in unserer Rubrik &#8222;Termine 2023\/2024&#8220; auf unserer Website.<\/p>\n\n\n\n<p>Die f\u00fcnfte Jahreszeit r\u00fcckt n\u00e4her, und wir k\u00f6nnen es kaum erwarten, sie gemeinsam mit euch zu feiern. Markiert euch die wichtigsten Daten schon jetzt in eurem Kalender und seid bereit f\u00fcr eine gro\u00dfartige Zeit voller Spa\u00df und Frohsinn.<\/p>\n\n\n\n<p>Unsere Kampagne startet mit einer spektakul\u00e4ren Er\u00f6ffnung am 12.11.23 auf dem Rathaus Innenplatz. Es wird ein grandioser Auftakt f\u00fcr eine Saison voller unvergesslicher Momente sein.<\/p>\n\n\n\n<p>Also, schnappt euch eure Freunde und Familie, plant eure Kost\u00fcme, und lasst uns gemeinsam die beste Zeit des Jahres genie\u00dfen!<\/p>\n\n\n\n<p>Wir freuen uns darauf, mit euch zu feiern und gemeinsam die n\u00e4rrische Saison 2023\/2024 zu starten.<\/p>\n\n\n\n<p>Minschder Helau!<\/p>\n\n\n\n<p><\/p>\n\n\n\n<figure class=\"wp-block-image size-large\"><img loading=\"lazy\" decoding=\"async\" width=\"1024\" height=\"1024\" src=\"https:\/\/kvklingenmuenster.de\/wp-content\/uploads\/2023\/10\/Und-es-geht-1024x1024.png\" alt=\"\" class=\"wp-image-618\" srcset=\"https:\/\/kvklingenmuenster.de\/wp-content\/uploads\/2023\/10\/Und-es-geht-1024x1024.png 1024w, https:\/\/kvklingenmuenster.de\/wp-content\/uploads\/2023\/10\/Und-es-geht-400x400.png 400w, https:\/\/kvklingenmuenster.de\/wp-content\/uploads\/2023\/10\/Und-es-geht-150x150.png 150w, https:\/\/kvklingenmuenster.de\/wp-content\/uploads\/2023\/10\/Und-es-geht-768x768.png 768w, https:\/\/kvklingenmuenster.de\/wp-content\/uploads\/2023\/10\/Und-es-geht-144x144.png 144w, https:\/\/kvklingenmuenster.de\/wp-content\/uploads\/2023\/10\/Und-es-geht.png 1080w\" sizes=\"auto, (max-width: 1024px) 100vw, 1024px\" \/><\/figure>\n","protected":false},"excerpt":{"rendered":"<p>Liebe Mitglieder und Faschingsfreunde, es ist soweit &#8211; die Termine f\u00fcr unsere neue Kampagne 2023\/2024 sind nun online und f\u00fcr euch bereit! Wie gewohnt findet ihr alle Informationen in unserer Rubrik &#8222;Termine 2023\/2024&#8220; auf unserer Website. Die f\u00fcnfte Jahreszeit r\u00fcckt n\u00e4her, und wir k\u00f6nnen es kaum erwarten, sie gemeinsam mit euch zu feiern. Markiert euch &hellip; <\/p>\n<p class=\"link-more\"><a href=\"https:\/\/kvklingenmuenster.de\/?p=616\" class=\"more-link\">Mehr <span class=\"screen-reader-text\">\u00fcber &#8222;Termine f\u00fcr die neue Kampagne online&#8220; <\/span>Lesen<\/a><\/p>\n","protected":false},"author":8,"featured_media":0,"comment_status":"open","ping_status":"open","sticky":false,"template":"","format":"standard","meta":{"footnotes":""},"categories":[1],"tags":[5,4,3],"class_list":["post-616","post","type-post","status-publish","format-standard","hentry","category-uncategorized","tag-fasching","tag-klingenmuenster","tag-kvk"],"_links":{"self":[{"href":"https:\/\/kvklingenmuenster.de\/index.php?rest_route=\/wp\/v2\/posts\/616","targetHints":{"allow":["GET"]}}],"collection":[{"href":"https:\/\/kvklingenmuenster.de\/index.php?rest_route=\/wp\/v2\/posts"}],"about":[{"href":"https:\/\/kvklingenmuenster.de\/index.php?rest_route=\/wp\/v2\/types\/post"}],"author":[{"embeddable":true,"href":"https:\/\/kvklingenmuenster.de\/index.php?rest_route=\/wp\/v2\/users\/8"}],"replies":[{"embeddable":true,"href":"https:\/\/kvklingenmuenster.de\/index.php?rest_route=%2Fwp%2Fv2%2Fcomments&post=616"}],"version-history":[{"count":3,"href":"https:\/\/kvklingenmuenster.de\/index.php?rest_route=\/wp\/v2\/posts\/616\/revisions"}],"predecessor-version":[{"id":620,"href":"https:\/\/kvklingenmuenster.de\/index.php?rest_route=\/wp\/v2\/posts\/616\/revisions\/620"}],"wp:attachment":[{"href":"https:\/\/kvklingenmuenster.de\/index.php?rest_route=%2Fwp%2Fv2%2Fmedia&parent=616"}],"wp:term":[{"taxonomy":"category","embeddable":true,"href":"https:\/\/kvklingenmuenster.de\/index.php?rest_route=%2Fwp%2Fv2%2Fcategories&post=616"},{"taxonomy":"post_tag","embeddable":true,"href":"https:\/\/kvklingenmuenster.de\/index.php?rest_route=%2Fwp%2Fv2%2Ftags&post=616"}],"curies":[{"name":"wp","href":"https:\/\/api.w.org\/{rel}","templated":true}]}}